{"id":2065,"date":"2025-12-01T15:14:31","date_gmt":"2025-12-01T14:14:31","guid":{"rendered":"https:\/\/kurrikulum.frl\/geen-onderdeel-van-een-categorie\/nije-kearndoelen-fryske-taal-en-kultuer-binne-klear\/"},"modified":"2025-12-01T17:08:07","modified_gmt":"2025-12-01T16:08:07","slug":"nije-kearndoelen-fryske-taal-en-kultuer-binne-klear","status":"publish","type":"post","link":"https:\/\/kurrikulum.frl\/fy-nl\/ynformaasje\/nije-kearndoelen-fryske-taal-en-kultuer-binne-klear\/","title":{"rendered":"Nije kearndoelen Fryske taal en kultuer binne klear"},"content":{"rendered":"\t\t<div data-elementor-type=\"wp-post\" data-elementor-id=\"2065\" class=\"elementor elementor-2065 elementor-2045\">\n\t\t\t\t\t\t\t\t\t<section class=\"elementor-section elementor-top-section elementor-element elementor-element-98767fb elementor-section-boxed elementor-section-height-default elementor-section-height-default\" data-id=\"98767fb\" data-element_type=\"section\">\n\t\t\t\t\t\t<div class=\"elementor-container elementor-column-gap-default\">\n\t\t\t\t\t<div class=\"elementor-column elementor-col-100 elementor-top-column elementor-element elementor-element-4988131\" data-id=\"4988131\" data-element_type=\"column\">\n\t\t\t<div class=\"elementor-widget-wrap elementor-element-populated\">\n\t\t\t\t\t\t\t\t<div class=\"elementor-element elementor-element-6cea799 elementor-widget elementor-widget-text-editor\" data-id=\"6cea799\" data-element_type=\"widget\" data-widget_type=\"text-editor.default\">\n\t\t\t\t<div class=\"elementor-widget-container\">\n\t\t\t<style>\/*! elementor - v3.14.0 - 26-06-2023 *\/\n.elementor-widget-text-editor.elementor-drop-cap-view-stacked .elementor-drop-cap{background-color:#69727d;color:#fff}.elementor-widget-text-editor.elementor-drop-cap-view-framed .elementor-drop-cap{color:#69727d;border:3px solid;background-color:transparent}.elementor-widget-text-editor:not(.elementor-drop-cap-view-default) .elementor-drop-cap{margin-top:8px}.elementor-widget-text-editor:not(.elementor-drop-cap-view-default) .elementor-drop-cap-letter{width:1em;height:1em}.elementor-widget-text-editor .elementor-drop-cap{float:left;text-align:center;line-height:1;font-size:50px}.elementor-widget-text-editor .elementor-drop-cap-letter{display:inline-block}<\/style>\t\t\t\t<p><strong>Steatssekretaris fan OCW Koen Becking brocht hjoed in besite oan trijetalige basisskoalle \u2019t Holdersn\u00east op De Harkema.<\/strong> <strong>De wurkbesite stie yn it teken fan de aktualisaasje fan de kearndoelen Fryske taal en kultuer.<\/strong> <strong>Dy nije kearndoelen binne klear en sille begjin takom jier foar f\u00eaststelling oan Provinsjale Steaten foarlein wurde. <\/strong><strong>&#8216;t Holdersn\u00east is ien fan de skoallen dy\u2019t de kearndoelen test hat.<\/strong><\/p><p>De steatssekretaris krige fan Cedin, dy\u2019t fan de provinsje de opdracht krigen hat om de kearndoelen Frysk te aktualisearjen, in taljochting op it proses en de ynh\u00e2ld fan de nije kearndoelen. Sa binne de kearndoelen Frysk foar it prim\u00ear \u00fbnderwiis \u00fatwreide mei omtinken foar Fryske kultuer en kinne skoallen de kearndoelen Fryske taal en kultuer mei kearndoelen fan oare leargebieten ferbine.<\/p><p>Neffens direkteur Michiel Veenstra fan \u2018t Holdersn\u00east biede de nije kearndoelen Fryske taal en kultuer skoallen in soad mooglikheden om it Frysk in stevich plak yn it \u00fbnderwiis te jaan: \u201cDe nije kearndoelen Fryske taal en kultuer geane oer it learen en br\u00fbken fan de Fryske taal. D\u00earnjonken hat kultuerbewustw\u00eazen ek in plak krigen. Witte wa ast bist en w\u00ear ast wei komst is wichtich om \u00fateinlik doelen te berikken. Wy binne der wiis mei dat dit \u00fbnderdiel is fan de nije kearndoelen.\u201d<\/p><p>Deputearre Eke Folkerts sprekt fan in geweldige mylpeal: \u201cMei de nije kearndoelen krije alle bern yn Frysl\u00e2n de k\u00e2ns om meartalich op te groeien. Dat stipet de algemiene \u00fbntwikkeling fan learlingen en soarget derfoar dat alle bern optimaal meidwaan kinne yn de twatalige Fryske mienskip.\u201d<\/p><p>De nije kearndoelen sille no earst foar goedkarring oan Provinsjale Steaten foarlein wurde en d\u00earnei oan de steatssekretaris. Steatssekretaris Koen Becking: \u201cGeweldig dat ze hier in Frysl\u00e2n volop aan de slag gaan met de nieuwe kerndoelen Friese taal en cultuur. Goed onderwijs begint met basisvaardigheden zoals lezen, schrijven en rekenen en met het inzetten daarvan in vakken als geschiedenis en biologie. Het nieuwe landelijke curriculum legt een stevige basis voor alle leerlingen, het maakt duidelijk wat ze moeten kennen en kunnen. En geeft leraren meer duidelijkheid over wat leerlingen echt moeten leren. Hoe ze dat precies doen, is aan de leraar en de school.\u201d<\/p><p>Ferwachte wurdt dat de kearndoelen dan op 1 augustus 2026 fan kr\u00eaft wurde. Skoallen \u00fat it prim\u00ear \u00fbnderwiis en de \u00fbnderbou fan it fuortset \u00fbnderwiis kinne dan mei de start fan skoaljier 2026\/2027 mei de nije kearndoelen oan \u2018e slach. Yn it foar sille alle skoallen yn Frysl\u00e2n op ferskate wizen oer de nije kearndoelen ynformearre wurde.<\/p><p>De kearndoelen binne no al te finen op dizze webside<\/p><p><a href=\"https:\/\/kurrikulum.frl\/wp-content\/uploads\/2025\/12\/20251125_Kearndoelenboekje-FTK_oanpaste-ferzje-2025_FR.pdf\">Klik hjir om nei de kearndoelen te gean.<\/a><\/p>\t\t\t\t\t\t<\/div>\n\t\t\t\t<\/div>\n\t\t\t\t<div class=\"elementor-element elementor-element-b3312fc elementor-widget elementor-widget-spacer\" data-id=\"b3312fc\" data-element_type=\"widget\" data-widget_type=\"spacer.default\">\n\t\t\t\t<div class=\"elementor-widget-container\">\n\t\t\t<style>\/*! elementor - v3.14.0 - 26-06-2023 *\/\n.elementor-column .elementor-spacer-inner{height:var(--spacer-size)}.e-con{--container-widget-width:100%}.e-con-inner>.elementor-widget-spacer,.e-con>.elementor-widget-spacer{width:var(--container-widget-width,var(--spacer-size));--align-self:var(--container-widget-align-self,initial);--flex-shrink:0}.e-con-inner>.elementor-widget-spacer>.elementor-widget-container,.e-con-inner>.elementor-widget-spacer>.elementor-widget-container>.elementor-spacer,.e-con>.elementor-widget-spacer>.elementor-widget-container,.e-con>.elementor-widget-spacer>.elementor-widget-container>.elementor-spacer{height:100%}.e-con-inner>.elementor-widget-spacer>.elementor-widget-container>.elementor-spacer>.elementor-spacer-inner,.e-con>.elementor-widget-spacer>.elementor-widget-container>.elementor-spacer>.elementor-spacer-inner{height:var(--container-widget-height,var(--spacer-size))}<\/style>\t\t<div class=\"elementor-spacer\">\n\t\t\t<div class=\"elementor-spacer-inner\"><\/div>\n\t\t<\/div>\n\t\t\t\t<\/div>\n\t\t\t\t<\/div>\n\t\t\t\t<div class=\"elementor-element elementor-element-de8d1d8 elementor-widget elementor-widget-image\" data-id=\"de8d1d8\" data-element_type=\"widget\" data-widget_type=\"image.default\">\n\t\t\t\t<div class=\"elementor-widget-container\">\n\t\t\t<style>\/*! elementor - v3.14.0 - 26-06-2023 *\/\n.elementor-widget-image{text-align:center}.elementor-widget-image a{display:inline-block}.elementor-widget-image a img[src$=\".svg\"]{width:48px}.elementor-widget-image img{vertical-align:middle;display:inline-block}<\/style>\t\t\t\t\t\t\t\t\t\t\t\t<img loading=\"lazy\" decoding=\"async\" width=\"677\" height=\"483\" src=\"https:\/\/kurrikulum.frl\/wp-content\/uploads\/2025\/12\/Schermafbeelding-2025-12-01-151346.png\" class=\"attachment-large size-large wp-image-2049\" alt=\"\" srcset=\"https:\/\/kurrikulum.frl\/wp-content\/uploads\/2025\/12\/Schermafbeelding-2025-12-01-151346.png 677w, https:\/\/kurrikulum.frl\/wp-content\/uploads\/2025\/12\/Schermafbeelding-2025-12-01-151346-300x214.png 300w\" sizes=\"auto, (max-width: 677px) 100vw, 677px\" \/>\t\t\t\t\t\t\t\t\t\t\t\t\t\t\t<\/div>\n\t\t\t\t<\/div>\n\t\t\t\t\t<\/div>\n\t\t<\/div>\n\t\t\t\t\t\t\t<\/div>\n\t\t<\/section>\n\t\t\t\t\t\t\t<\/div>\n\t\t","protected":false},"excerpt":{"rendered":"<p>Steatssekretaris fan OCW Koen Becking brocht hjoed in besite oan trijetalige basisskoalle \u2019t Holdersn\u00east op De Harkema. De wurkbesite stie yn it teken fan de aktualisaasje fan de kearndoelen Fryske taal en kultuer. Dy nije kearndoelen binne klear en sille begjin takom jier foarlein wurde oan Provinsjale Steaten foar f\u00eaststelling. &#8216;t Holdersn\u00east is ien fan de skoallen dy\u2019t de kearndoelen test hat   <\/p>\n","protected":false},"author":3,"featured_media":2082,"comment_status":"closed","ping_status":"open","sticky":false,"template":"","format":"standard","meta":{"inline_featured_image":false,"footnotes":""},"categories":[19],"tags":[],"class_list":["post-2065","post","type-post","status-publish","format-standard","has-post-thumbnail","hentry","category-informatie"],"acf":[],"yoast_head":"<!-- This site is optimized with the Yoast SEO plugin v20.11 - https:\/\/yoast.com\/wordpress\/plugins\/seo\/ -->\n<title>Nije kearndoelen Fryske taal en kultuer binne klear - Kurrikulum<\/title>\n<meta name=\"description\" content=\"Steatssekretaris fan OCW Koen Becking brocht hjoed in besite oan trijetalige basisskoalle \u2019t Holdersn\u00east op De Harkema. De wurkbesite stie yn it teken fan de aktualisaasje fan de kearndoelen Fryske taal en kultuer. Dy nije kearndoelen binne klear en sille begjin takom jier foarlein wurde oan Provinsjale Steaten foar f\u00eaststelling. &#039;t Holdersn\u00east is ien fan de skoallen dy\u2019t de kearndoelen test hat\" \/>\n<meta name=\"robots\" content=\"index, follow, max-snippet:-1, max-image-preview:large, max-video-preview:-1\" \/>\n<link rel=\"canonical\" href=\"https:\/\/kurrikulum.frl\/informatie\/nieuwe-kerndoelen-friese-taal-en-cultuur-zijn-klaar\/\" \/>\n<meta property=\"og:locale\" content=\"fy_NL\" \/>\n<meta property=\"og:type\" content=\"article\" \/>\n<meta property=\"og:title\" content=\"Nije kearndoelen Fryske taal en kultuer binne klear - Kurrikulum\" \/>\n<meta property=\"og:description\" content=\"Steatssekretaris fan OCW Koen Becking brocht hjoed in besite oan trijetalige basisskoalle \u2019t Holdersn\u00east op De Harkema. De wurkbesite stie yn it teken fan de aktualisaasje fan de kearndoelen Fryske taal en kultuer. Dy nije kearndoelen binne klear en sille begjin takom jier foarlein wurde oan Provinsjale Steaten foar f\u00eaststelling. &#039;t Holdersn\u00east is ien fan de skoallen dy\u2019t de kearndoelen test hat\" \/>\n<meta property=\"og:url\" content=\"https:\/\/kurrikulum.frl\/informatie\/nieuwe-kerndoelen-friese-taal-en-cultuur-zijn-klaar\/\" \/>\n<meta property=\"og:site_name\" content=\"Kurrikulum\" \/>\n<meta property=\"article:published_time\" content=\"2025-12-01T14:14:31+00:00\" \/>\n<meta property=\"article:modified_time\" content=\"2025-12-01T16:08:07+00:00\" \/>\n<meta property=\"og:image\" content=\"https:\/\/kurrikulum.frl\/wp-content\/uploads\/2025\/12\/BezoekStas-Becking-011225-BinneLouwKatsma-32-1024x683.jpg\" \/>\n\t<meta property=\"og:image:width\" content=\"1024\" \/>\n\t<meta property=\"og:image:height\" content=\"683\" \/>\n\t<meta property=\"og:image:type\" content=\"image\/jpeg\" \/>\n<meta name=\"author\" content=\"Marketing Cedin\" \/>\n<meta name=\"twitter:card\" content=\"summary_large_image\" \/>\n<meta name=\"twitter:label1\" content=\"Written by\" \/>\n\t<meta name=\"twitter:data1\" content=\"Marketing Cedin\" \/>\n\t<meta name=\"twitter:label2\" content=\"Est. reading time\" \/>\n\t<meta name=\"twitter:data2\" content=\"3 minutes\" \/>\n<script type=\"application\/ld+json\" class=\"yoast-schema-graph\">{\"@context\":\"https:\/\/schema.org\",\"@graph\":[{\"@type\":\"WebPage\",\"@id\":\"https:\/\/kurrikulum.frl\/informatie\/nieuwe-kerndoelen-friese-taal-en-cultuur-zijn-klaar\/\",\"url\":\"https:\/\/kurrikulum.frl\/informatie\/nieuwe-kerndoelen-friese-taal-en-cultuur-zijn-klaar\/\",\"name\":\"Nije kearndoelen Fryske taal en kultuer binne klear - Kurrikulum\",\"isPartOf\":{\"@id\":\"https:\/\/kurrikulum.frl\/#website\"},\"datePublished\":\"2025-12-01T14:14:31+00:00\",\"dateModified\":\"2025-12-01T16:08:07+00:00\",\"author\":{\"@id\":\"https:\/\/kurrikulum.frl\/#\/schema\/person\/7b4f493dcb8b404e3c133b4989d6b956\"},\"description\":\"Steatssekretaris fan OCW Koen Becking brocht hjoed in besite oan trijetalige basisskoalle \u2019t Holdersn\u00east op De Harkema. De wurkbesite stie yn it teken fan de aktualisaasje fan de kearndoelen Fryske taal en kultuer. Dy nije kearndoelen binne klear en sille begjin takom jier foarlein wurde oan Provinsjale Steaten foar f\u00eaststelling. 't Holdersn\u00east is ien fan de skoallen dy\u2019t de kearndoelen test hat\",\"breadcrumb\":{\"@id\":\"https:\/\/kurrikulum.frl\/informatie\/nieuwe-kerndoelen-friese-taal-en-cultuur-zijn-klaar\/#breadcrumb\"},\"inLanguage\":\"fy-NL\",\"potentialAction\":[{\"@type\":\"ReadAction\",\"target\":[\"https:\/\/kurrikulum.frl\/informatie\/nieuwe-kerndoelen-friese-taal-en-cultuur-zijn-klaar\/\"]}]},{\"@type\":\"BreadcrumbList\",\"@id\":\"https:\/\/kurrikulum.frl\/informatie\/nieuwe-kerndoelen-friese-taal-en-cultuur-zijn-klaar\/#breadcrumb\",\"itemListElement\":[{\"@type\":\"ListItem\",\"position\":1,\"name\":\"Home\",\"item\":\"https:\/\/kurrikulum.frl\/fy-nl\/\"},{\"@type\":\"ListItem\",\"position\":2,\"name\":\"Nije kearndoelen Fryske taal en kultuer binne klear\"}]},{\"@type\":\"WebSite\",\"@id\":\"https:\/\/kurrikulum.frl\/#website\",\"url\":\"https:\/\/kurrikulum.frl\/\",\"name\":\"Kurrikulum\",\"description\":\"\",\"potentialAction\":[{\"@type\":\"SearchAction\",\"target\":{\"@type\":\"EntryPoint\",\"urlTemplate\":\"https:\/\/kurrikulum.frl\/?s={search_term_string}\"},\"query-input\":\"required name=search_term_string\"}],\"inLanguage\":\"fy-NL\"},{\"@type\":\"Person\",\"@id\":\"https:\/\/kurrikulum.frl\/#\/schema\/person\/7b4f493dcb8b404e3c133b4989d6b956\",\"name\":\"Marketing Cedin\",\"image\":{\"@type\":\"ImageObject\",\"inLanguage\":\"fy-NL\",\"@id\":\"https:\/\/kurrikulum.frl\/#\/schema\/person\/image\/\",\"url\":\"https:\/\/secure.gravatar.com\/avatar\/06f0bbc2404081c634608e054d3f03feb1b648b28b010f8ea68aa593480b8821?s=96&d=mm&r=g\",\"contentUrl\":\"https:\/\/secure.gravatar.com\/avatar\/06f0bbc2404081c634608e054d3f03feb1b648b28b010f8ea68aa593480b8821?s=96&d=mm&r=g\",\"caption\":\"Marketing Cedin\"},\"url\":\"https:\/\/kurrikulum.frl\/fy-nl\/author\/marketing-cedin\/\"}]}<\/script>\n<!-- \/ Yoast SEO plugin. -->","yoast_head_json":{"title":"Nije kearndoelen Fryske taal en kultuer binne klear - Kurrikulum","description":"Steatssekretaris fan OCW Koen Becking brocht hjoed in besite oan trijetalige basisskoalle \u2019t Holdersn\u00east op De Harkema. De wurkbesite stie yn it teken fan de aktualisaasje fan de kearndoelen Fryske taal en kultuer. Dy nije kearndoelen binne klear en sille begjin takom jier foarlein wurde oan Provinsjale Steaten foar f\u00eaststelling. 't Holdersn\u00east is ien fan de skoallen dy\u2019t de kearndoelen test hat","robots":{"index":"index","follow":"follow","max-snippet":"max-snippet:-1","max-image-preview":"max-image-preview:large","max-video-preview":"max-video-preview:-1"},"canonical":"https:\/\/kurrikulum.frl\/informatie\/nieuwe-kerndoelen-friese-taal-en-cultuur-zijn-klaar\/","og_locale":"fy_NL","og_type":"article","og_title":"Nije kearndoelen Fryske taal en kultuer binne klear - Kurrikulum","og_description":"Steatssekretaris fan OCW Koen Becking brocht hjoed in besite oan trijetalige basisskoalle \u2019t Holdersn\u00east op De Harkema. De wurkbesite stie yn it teken fan de aktualisaasje fan de kearndoelen Fryske taal en kultuer. Dy nije kearndoelen binne klear en sille begjin takom jier foarlein wurde oan Provinsjale Steaten foar f\u00eaststelling. 't Holdersn\u00east is ien fan de skoallen dy\u2019t de kearndoelen test hat","og_url":"https:\/\/kurrikulum.frl\/informatie\/nieuwe-kerndoelen-friese-taal-en-cultuur-zijn-klaar\/","og_site_name":"Kurrikulum","article_published_time":"2025-12-01T14:14:31+00:00","article_modified_time":"2025-12-01T16:08:07+00:00","og_image":[{"width":1024,"height":683,"url":"https:\/\/kurrikulum.frl\/wp-content\/uploads\/2025\/12\/BezoekStas-Becking-011225-BinneLouwKatsma-32-1024x683.jpg","type":"image\/jpeg"}],"author":"Marketing Cedin","twitter_card":"summary_large_image","twitter_misc":{"Written by":"Marketing Cedin","Est. reading time":"3 minutes"},"schema":{"@context":"https:\/\/schema.org","@graph":[{"@type":"WebPage","@id":"https:\/\/kurrikulum.frl\/informatie\/nieuwe-kerndoelen-friese-taal-en-cultuur-zijn-klaar\/","url":"https:\/\/kurrikulum.frl\/informatie\/nieuwe-kerndoelen-friese-taal-en-cultuur-zijn-klaar\/","name":"Nije kearndoelen Fryske taal en kultuer binne klear - Kurrikulum","isPartOf":{"@id":"https:\/\/kurrikulum.frl\/#website"},"datePublished":"2025-12-01T14:14:31+00:00","dateModified":"2025-12-01T16:08:07+00:00","author":{"@id":"https:\/\/kurrikulum.frl\/#\/schema\/person\/7b4f493dcb8b404e3c133b4989d6b956"},"description":"Steatssekretaris fan OCW Koen Becking brocht hjoed in besite oan trijetalige basisskoalle \u2019t Holdersn\u00east op De Harkema. De wurkbesite stie yn it teken fan de aktualisaasje fan de kearndoelen Fryske taal en kultuer. Dy nije kearndoelen binne klear en sille begjin takom jier foarlein wurde oan Provinsjale Steaten foar f\u00eaststelling. 't Holdersn\u00east is ien fan de skoallen dy\u2019t de kearndoelen test hat","breadcrumb":{"@id":"https:\/\/kurrikulum.frl\/informatie\/nieuwe-kerndoelen-friese-taal-en-cultuur-zijn-klaar\/#breadcrumb"},"inLanguage":"fy-NL","potentialAction":[{"@type":"ReadAction","target":["https:\/\/kurrikulum.frl\/informatie\/nieuwe-kerndoelen-friese-taal-en-cultuur-zijn-klaar\/"]}]},{"@type":"BreadcrumbList","@id":"https:\/\/kurrikulum.frl\/informatie\/nieuwe-kerndoelen-friese-taal-en-cultuur-zijn-klaar\/#breadcrumb","itemListElement":[{"@type":"ListItem","position":1,"name":"Home","item":"https:\/\/kurrikulum.frl\/fy-nl\/"},{"@type":"ListItem","position":2,"name":"Nije kearndoelen Fryske taal en kultuer binne klear"}]},{"@type":"WebSite","@id":"https:\/\/kurrikulum.frl\/#website","url":"https:\/\/kurrikulum.frl\/","name":"Kurrikulum","description":"","potentialAction":[{"@type":"SearchAction","target":{"@type":"EntryPoint","urlTemplate":"https:\/\/kurrikulum.frl\/?s={search_term_string}"},"query-input":"required name=search_term_string"}],"inLanguage":"fy-NL"},{"@type":"Person","@id":"https:\/\/kurrikulum.frl\/#\/schema\/person\/7b4f493dcb8b404e3c133b4989d6b956","name":"Marketing Cedin","image":{"@type":"ImageObject","inLanguage":"fy-NL","@id":"https:\/\/kurrikulum.frl\/#\/schema\/person\/image\/","url":"https:\/\/secure.gravatar.com\/avatar\/06f0bbc2404081c634608e054d3f03feb1b648b28b010f8ea68aa593480b8821?s=96&d=mm&r=g","contentUrl":"https:\/\/secure.gravatar.com\/avatar\/06f0bbc2404081c634608e054d3f03feb1b648b28b010f8ea68aa593480b8821?s=96&d=mm&r=g","caption":"Marketing Cedin"},"url":"https:\/\/kurrikulum.frl\/fy-nl\/author\/marketing-cedin\/"}]}},"_links":{"self":[{"href":"https:\/\/kurrikulum.frl\/fy-nl\/wp-json\/wp\/v2\/posts\/2065","targetHints":{"allow":["GET"]}}],"collection":[{"href":"https:\/\/kurrikulum.frl\/fy-nl\/wp-json\/wp\/v2\/posts"}],"about":[{"href":"https:\/\/kurrikulum.frl\/fy-nl\/wp-json\/wp\/v2\/types\/post"}],"author":[{"embeddable":true,"href":"https:\/\/kurrikulum.frl\/fy-nl\/wp-json\/wp\/v2\/users\/3"}],"replies":[{"embeddable":true,"href":"https:\/\/kurrikulum.frl\/fy-nl\/wp-json\/wp\/v2\/comments?post=2065"}],"version-history":[{"count":18,"href":"https:\/\/kurrikulum.frl\/fy-nl\/wp-json\/wp\/v2\/posts\/2065\/revisions"}],"predecessor-version":[{"id":2094,"href":"https:\/\/kurrikulum.frl\/fy-nl\/wp-json\/wp\/v2\/posts\/2065\/revisions\/2094"}],"wp:featuredmedia":[{"embeddable":true,"href":"https:\/\/kurrikulum.frl\/fy-nl\/wp-json\/wp\/v2\/media\/2082"}],"wp:attachment":[{"href":"https:\/\/kurrikulum.frl\/fy-nl\/wp-json\/wp\/v2\/media?parent=2065"}],"wp:term":[{"taxonomy":"category","embeddable":true,"href":"https:\/\/kurrikulum.frl\/fy-nl\/wp-json\/wp\/v2\/categories?post=2065"},{"taxonomy":"post_tag","embeddable":true,"href":"https:\/\/kurrikulum.frl\/fy-nl\/wp-json\/wp\/v2\/tags?post=2065"}],"curies":[{"name":"wp","href":"https:\/\/api.w.org\/{rel}","templated":true}]}}